{"id":5439,"date":"2026-09-06T06:00:00","date_gmt":"2026-09-06T04:00:00","guid":{"rendered":"https:\/\/parafianiwa.pl\/?p=5439"},"modified":"2026-09-06T01:14:36","modified_gmt":"2026-09-05T23:14:36","slug":"ogloszenia-duszpasterskie-xxiii-niedziela-zwykla","status":"publish","type":"post","link":"https:\/\/parafianiwa.pl\/index.php\/2026\/09\/06\/ogloszenia-duszpasterskie-xxiii-niedziela-zwykla\/","title":{"rendered":"Og\u0142oszenia duszpasterskie \u2013 \u00a0XXIII Niedziela Zwyk\u0142a"},"content":{"rendered":"\n<p>Wrzesie\u0144 jest miesi\u0105cem dzi\u0119kczynienia Panu Bogu za p\u0142ony i wszelkie urodzaje. W\u0142\u0105czaj\u0105c si\u0119 w t\u0119 wdzi\u0119czno\u015b\u0107, wyra\u017camy r\u00f3wnie\u017c nasz\u0105 \u2013 35 rocznic\u0119 erygowania naszej Parafii (dok\u0142adana data to 8 listopad). Serdecznie zapraszamy dzisiaj na popo\u0142udniowe nabo\u017ce\u0144stwo dzi\u0119kczynne na godz. 13.30 (nie b\u0119dzie Mszy tylko nabo\u017ce\u0144stwo). B\u0119dziemy prosi\u0107 Pana Boga<br>o dalsze b\u0142. dla naszej wsp\u00f3lnoty parafialnej przez wstawiennictwo \u015bw. Brata Alberta i od\u015bpiewamy Hymn uwielbienia \u201eTe Deum\u201d.<\/p>\n\n\n\n<p>Po nabo\u017ce\u0144stwie \u2013 zapraszamy na zewn\u0105trz ko\u015bcio\u0142a, aby w atmosferze radosnego \u015bwi\u0119towania w gronie z przyjaci\u00f3\u0142, znajomych, go\u015bci, wspomina\u0107 czas budowy oraz powi\u0119ksza\u0107 grono przyjaci\u00f3\u0142 przez zawierania nowych znajomo\u015bci. O godz. 14:45 poprzez Koronk\u0119 do Bo\u017cego Mi\u0142osierdzia oddamy si\u0119 Mi\u0142osierdziu Bo\u017cemu. Nast\u0119pnie dalsza cz\u0119\u015b\u0107 uroczysto\u015bci u\u015bwietniona muzyk\u0105 zespo\u0142\u00f3w b\u0119dzie na placu szkolnym.<\/p>\n\n\n\n<p>Za tydzie\u0144 przedstawimy kolejne plany zwi\u0105zane z naszym jubileuszem parafialnym.<\/p>\n\n\n\n<p>Prosimy, aby osoby, kt\u00f3re zdeklarowa\u0142y si\u0119 przynie\u015b\u0107 ciasto \u2013 przynios\u0142y je do salki na plebani\u0119 przed nabo\u017ce\u0144stwem dzi\u0119kczynnym do godz. 13:30.<\/p>\n\n\n\n<p>Z okazji 35\u2013lecia Parafii \u2013 chcieliby\u015bmy stworzy\u0107 dzieci\u0119co \u2013 m\u0142odzie\u017cowy zesp\u00f3\u0142 instrumentalny<br>w g\u00f3ralskim klimacie. Ch\u0119tne osoby zapraszamy na spotkanie organizacyjne w najbli\u017cszy pi\u0105tek<br>o godz. 19:00 w salce na plebani.<\/p>\n\n\n\n<p>Dzi\u015b pierwsza Niedziela miesi\u0105ca. Po I Mszy \u015bw. &#8211; zmianka r\u00f3\u017ca\u0144cowa .<\/p>\n\n\n\n<p>KALENDARZ LITURGICZNY:<\/p>\n\n\n\n<p>Wt.:- \u015awi\u0119to Narodzenia NMP- znane jako \u015bwi\u0119to Matki Bo\u017cej Siewnej.<\/p>\n\n\n\n<p>\u015ar.:- wspomnienie b\u0142. Anieli Salawy, dziewicy.<\/p>\n\n\n\n<p>Sob.:- wspomnienie Naj\u015bwi\u0119tszego Imienia Maryi.<\/p>\n\n\n\n<p>Spotkanie dla dzieci ze scholi w sobot\u0119 o godz. 9.30.<\/p>\n\n\n\n<p>B\u00f3g zap\u0142a\u0107 paniom za sprz\u0105tanie ko\u015bcio\u0142a i ofiar\u0119 na kwiaty. W tym tygodniu prosimy panie: Kuros Joanna, Pasiut Katarzyna, Kupka Katarzyna, \u017bmuda Renata, Macio\u0142 Renata.<\/p>\n\n\n\n<p>Przypominamy, \u017ce za tydzie\u0144 13 wrze\u015bnia o godz. 17:00 w salce na plebanii odb\u0119dzie si\u0119 walne zebranie wyborcze Sp\u00f3\u0142ki Wodnej \u201eNiwa-Buflak-Nowe\u201d.<\/p>\n\n\n\n<p>Zapraszamy w ka\u017cd\u0105 niedziel\u0119 na Msz\u0119 z udzia\u0142em dzieci na godz. 11:00 \u2013 podczas, kt\u00f3rej dzieci b\u0119d\u0105 otrzymywa\u0142y naklejki. Za tydzie\u0144 na Mszy \u015bw. o godz. 11:00 po\u015bwi\u0119cimy tornistry, ksi\u0105\u017cki, zeszyty i przybory szkolne.<\/p>\n\n\n\n<p>Fundacja Towarzyszenia Rodzinie realizuje projekt \u201ePo pierwsze Rodzina &#8211; kompleksowe wsparcie dla rodzin i ich cz\u0142onk\u00f3w na terenie regionu nowotarskiego\u201d. Je\u015bli w Twojej rodzinie pojawi\u0142 si\u0119 problem uzale\u017cnienia, wsp\u00f3\u0142uzale\u017cnienia, kryzys ma\u0142\u017ce\u0144ski lub trudno\u015bci, z kt\u00f3rymi trudno poradzi\u0107 sobie samemu &#8211; mo\u017cesz skorzysta\u0107 z bezp\u0142atnej pomocy psychologicznej i rodzinnej. Nab\u00f3r trwa od 14 do 28 wrze\u015bnia 2026 r. Wi\u0119cej informacji na stronie Fundacji lub na plakacie<br>w gablotce.<\/p>\n\n\n\n<p class=\"has-vivid-red-color has-text-color has-link-color wp-elements-4816edebb13df8e7b9c9e7d46738eb69\">Wszystkim \u015bwi\u0119tuj\u0105cym w tym tygodniu imieniny, urodziny i jubileusze \u2013 Wszystkim Parafianom, go\u015bciom, \u017cyczymy wielu \u0142ask Bo\u017cych, opieki Matki Naj\u015bwi\u0119tszej oraz wstawiennictwa \u015bw. Brata Alberta.<\/p>\n","protected":false},"excerpt":{"rendered":"<p>Wrzesie\u0144 jest miesi\u0105cem dzi\u0119kczynienia Panu Bogu za p\u0142ony i wszelkie urodzaje. W\u0142\u0105czaj\u0105c si\u0119 w t\u0119 wdzi\u0119czno\u015b\u0107, wyra\u017camy r\u00f3wnie\u017c nasz\u0105 \u2013 35 rocznic\u0119 [&hellip;]<\/p>\n","protected":false},"author":7,"featured_media":4448,"comment_status":"closed","ping_status":"closed","sticky":false,"template":"","format":"standard","meta":{"footnotes":""},"categories":[16],"tags":[],"_links":{"self":[{"href":"https:\/\/parafianiwa.pl\/index.php\/wp-json\/wp\/v2\/posts\/5439"}],"collection":[{"href":"https:\/\/parafianiwa.pl\/index.php\/wp-json\/wp\/v2\/posts"}],"about":[{"href":"https:\/\/parafianiwa.pl\/index.php\/wp-json\/wp\/v2\/types\/post"}],"author":[{"embeddable":true,"href":"https:\/\/parafianiwa.pl\/index.php\/wp-json\/wp\/v2\/users\/7"}],"replies":[{"embeddable":true,"href":"https:\/\/parafianiwa.pl\/index.php\/wp-json\/wp\/v2\/comments?post=5439"}],"version-history":[{"count":1,"href":"https:\/\/parafianiwa.pl\/index.php\/wp-json\/wp\/v2\/posts\/5439\/revisions"}],"predecessor-version":[{"id":5440,"href":"https:\/\/parafianiwa.pl\/index.php\/wp-json\/wp\/v2\/posts\/5439\/revisions\/5440"}],"wp:featuredmedia":[{"embeddable":true,"href":"https:\/\/parafianiwa.pl\/index.php\/wp-json\/wp\/v2\/media\/4448"}],"wp:attachment":[{"href":"https:\/\/parafianiwa.pl\/index.php\/wp-json\/wp\/v2\/media?parent=5439"}],"wp:term":[{"taxonomy":"category","embeddable":true,"href":"https:\/\/parafianiwa.pl\/index.php\/wp-json\/wp\/v2\/categories?post=5439"},{"taxonomy":"post_tag","embeddable":true,"href":"https:\/\/parafianiwa.pl\/index.php\/wp-json\/wp\/v2\/tags?post=5439"}],"curies":[{"name":"wp","href":"https:\/\/api.w.org\/{rel}","templated":true}]}}