{"id":5423,"date":"2026-08-30T11:19:09","date_gmt":"2026-08-30T09:19:09","guid":{"rendered":"https:\/\/parafianiwa.pl\/?p=5423"},"modified":"2026-08-30T11:19:25","modified_gmt":"2026-08-30T09:19:25","slug":"ogloszenia-duszpasterskie-xxii-niedziela-zwykla","status":"publish","type":"post","link":"https:\/\/parafianiwa.pl\/index.php\/2026\/08\/30\/ogloszenia-duszpasterskie-xxii-niedziela-zwykla\/","title":{"rendered":"Og\u0142oszenia duszpasterskie \u2013 \u00a0XXII Niedziela Zwyk\u0142a"},"content":{"rendered":"\n<p>Ko\u0144czy si\u0119 okres wakacji. Dzi\u0119kujmy Panu Bogu za dary: pi\u0119kn\u0105 pogod\u0119, czas odpoczynku, szcz\u0119\u015bliwe podr\u00f3\u017ce, za czas rekolekcji dzieci i m\u0142odzie\u017cy w Bieszczadach. Przed dzie\u0107mi, m\u0142odzie\u017c\u0105 Nowy Rok Szkolny. Otoczmy ich naszymi modlitwami, aby ubogacone \u0142ask\u0105 Bo\u017ca wzrasta\u0142y dla wi\u0119kszej rado\u015bci rodzic\u00f3w, ca\u0142ej naszej lokalnej spo\u0142eczno\u015bci i naszej Ojczyzny.\u00a0<\/p>\n\n\n\n<p><em>Spotkanie Rady Parafialnej odb\u0119dzie si\u0119 dzisiaj po Mszy \u015bw. wieczornej na plebanii. Serdecznie zapraszamy<\/em>&nbsp;<\/p>\n\n\n\n<p><strong>Pon.:<\/strong> Dzie\u0144 Solidarno\u015bci i Wolno\u015bci \u2013 ustanowiony w rocznic\u0119 porozumie\u0144 sierpniowych.&nbsp;&nbsp;<\/p>\n\n\n\n<p><strong>Wt.:<\/strong> wspomnienie b\u0142. Bronis\u0142awy.&nbsp;&nbsp;<\/p>\n\n\n\n<p><strong><em>Dzieci, m\u0142odzie\u017c, rodzic\u00f3w, nauczycieli, wychowawc\u00f3w \u2013 rozpoczynaj\u0105cych Nowy Rok Szkolny <\/em><\/strong>&nbsp;<br><strong><em>i katechetyczny zapraszamy na Msz\u0119 \u015bw. o godz. 8.00 \u2013 podczas kt\u00f3rej b\u0119dziemy dzi\u0119kowa\u0107 i prosi\u0107 Pana Boga o b\u0142ogos\u0142awie\u0144stwo, pomy\u015blno\u015b\u0107 i wszelkie potrzebne \u0142aski oraz si\u0142y, aby jak najlepiej wykorzysta\u0107 nowy Rok szkolny.&nbsp;<\/em><\/strong>&nbsp;<\/p>\n\n\n\n<p><strong>\u015ar.<\/strong>: Po Mszy \u015bw. wieczornej spotkanie Rodziny Radia Maryja oraz Rycerstwa Niepokalanej. Serdecznie zapraszamy. W tym roku we wrze\u015bniu obchodzimy 20 \u2013 t\u0105 rocznic\u0119 za\u0142o\u017cenia w naszej Parafii Ko\u0142a Radia Maryi.&nbsp;<\/p>\n\n\n\n<p><strong>Czw.:-<\/strong> wspomnienie \u015bw. Grzegorza Wielkiego, papie\u017ca i Doktora Ko\u015bcio\u0142a.&nbsp;&nbsp;<\/p>\n\n\n\n<p><strong>Jest to Pierwszy Czwartek<\/strong> miesi\u0105ca. Przed wieczorn\u0105 Msz\u0105 \u015bw. b\u0119dziemy modli\u0107 si\u0119 o nowe powo\u0142ania kap\u0142a\u0144skie i zakonne.&nbsp;&nbsp;<\/p>\n\n\n\n<p><strong>Pt.: Pierwszy Pi\u0105tek miesi\u0105ca.<\/strong> Mo\u017cliwo\u015b\u0107 skorzystania z sakramentu pokuty w ka\u017cdy dzie\u0144 przed Msz\u0105 \u015bw. a w pi\u0105tek r\u00f3wnie\u017c po po\u0142udniu od godz. 16.30. B\u00f3g zap\u0142a\u0107 panu, kt\u00f3ry wozi\u0142 ks. do chorych w ubieg\u0142ym miesi\u0105cu i prosimy o transport na godz. 8.00&nbsp;<\/p>\n\n\n\n<p><strong>Sob.:<\/strong> Wspomnienie \u015bw. Matki Teresy z Kalkuty, zakonnicy. Jest to Pierwsza Sobota miesi\u0105ca.&nbsp;<\/p>\n\n\n\n<p>O godz. 17.15 \u2013 przed Naj\u015bwi\u0119tszym Sakramentem modlitwa r\u00f3\u017ca\u0144cowa jako wynagrodzenie za pope\u0142nione grzechy przeciw Niepokalanemu Sercu NMP. Pr\u00f3ba scholii o godz. 9:30 w salce. Zapraszamy dzieci, kt\u00f3re chodzi\u0142y w tamtym roku szkolnym oraz nowe osoby.&nbsp;&nbsp;<\/p>\n\n\n\n<p>B\u00f3g zap\u0142a\u0107 paniom za sprz\u0105tanie ko\u015bcio\u0142a i ofiar\u0119 na kwiaty. W tym tygodniu prosimy panie<strong>: Duda Katarzyna, Jarz\u0105bek Magdalena, Truty Dominika, Fic Maria, Jarz\u0105bek Celina, Jar\u00f3g Marta.&nbsp;<\/strong>&nbsp;<\/p>\n\n\n\n<p><strong>Za tydzie\u0144 Pierwsza Niedziela miesi\u0105ca.<\/strong> Po I Mszy \u015bw. \u2013 zmianka r\u00f3\u017ca\u0144cowa.&nbsp;&nbsp;<\/p>\n\n\n\n<p><strong>Przysz\u0142a niedziela b\u0119dzie dniem rado\u015bci i dzi\u0119kczynienia za 35 lat naszej Parafii.&nbsp;<\/strong>&nbsp;<\/p>\n\n\n\n<p>* Msze \u015bw. o sta\u0142ych godzinach 7:30; 9:00; 11:00; 17:00. <strong>Wa\u017cnym punktem jubileuszu b\u0119dzie uroczyste nabo\u017ce\u0144stwo dzi\u0119kczynne o godz. 13:30. Nie b\u0119dzie Mszy \u015bw., ale przed Naj\u015bwi\u0119tszym Sakramentem wyra\u017caj\u0105c nasz\u0105 wdzi\u0119czno\u015b\u0107 odm\u00f3wimy litani\u0119 ku czci \u015bw. Brata Alberta od\u015bpiewamy uroczyste \u201eTe Deum\u201d. <\/strong>Opraw\u0119 muzyczn\u0105 u\u015bwietni Gabriela Kr\u00f3l oraz nasza shola. \u202f Po cz\u0119\u015bci modlitewnej \u2013 zapraszamy na zewn\u0105trz ko\u015bcio\u0142a, gdzie przy \u015bpiewie &#8211; b\u0119dzie dalsza cz\u0119\u015b\u0107 uroczysto\u015bci po\u0142\u0105czona z drobnym pocz\u0119stunku okraszona wspomnieniami z poprzednich lat-&nbsp; ju\u017c w gronie znajomych, przyjaci\u00f3\u0142, wszystkich ludzi dobrej woli. Prosimy, aby osoby, kt\u00f3re zdeklarowa\u0142y si\u0119 przynie\u015b\u0107 ciasto \u2013 przynios\u0142y je w niedziel\u0119 &#8211; do salki na plebani\u0119 przed nabo\u017ce\u0144stwem dzi\u0119kczynnym do godz. 13:30.&nbsp;<\/p>\n\n\n\n<p><strong>Oko\u0142o godz. 15.00 odm\u00f3wimy wsp\u00f3lnie Koronk\u0119 do Bo\u017cego Mi\u0142osierdzia<\/strong> i dalsze \u015bwi\u0119towanie b\u0119dzie mia\u0142o miejsce na <strong>placu szkolnym.<\/strong> W programie m.in.: wyst\u0119py zespo\u0142\u00f3w muzycznych; strefa gastro, dmucha\u0144ce i atrakcje dla dzieci, loteria fantowa, wystawa fotograficzna zwi\u0105zana z histori\u0105 naszej parafii, oraz wiele innych atrakcji! Serdecznie zapraszamy Parafian, mieszka\u0144c\u00f3w Niwy &nbsp;<br>i ca\u0142ego Nowego Targu, naszych Go\u015bci oraz wszystkich Przyjaci\u00f3\u0142 Parafii!&nbsp;<\/p>\n\n\n\n<p><strong>Z okazji 35\u2013lecia parafii \u2013 chcieliby\u015bmy stworzy\u0107 dzieci\u0119co \u2013 m\u0142odzie\u017cowy zesp\u00f3\u0142 instrumentalny w g\u00f3ralskim klimacie. Nie trzeba by\u0107 profesjonalnym muzykiem, licz\u0105 si\u0119 jedynie ch\u0119ci, rado\u015b\u0107, pasja, i zami\u0142owanie do muzyki. Wi\u0119cej informacji podamy za tydzie\u0144.&nbsp;<\/strong>&nbsp;<\/p>\n\n\n\n<p class=\"has-vivid-red-color has-text-color has-link-color wp-elements-5d0054952eb37e4a37180221bfd89606\"><strong><em>Wszystkim \u015bwi\u0119tuj\u0105cym w tym tygodniu imieniny, urodziny i jubileusze sk\u0142adamy \u017cyczenia wielu \u0142ask Bo\u017cych, opieki Matki Naj\u015bwi\u0119tszej oraz wstawiennictwa \u015bw. Brata Alberta.\u00a0<\/em>\u00a0<\/strong><\/p>\n","protected":false},"excerpt":{"rendered":"<p>Ko\u0144czy si\u0119 okres wakacji. Dzi\u0119kujmy Panu Bogu za dary: pi\u0119kn\u0105 pogod\u0119, czas odpoczynku, szcz\u0119\u015bliwe podr\u00f3\u017ce, za czas rekolekcji dzieci i m\u0142odzie\u017cy w [&hellip;]<\/p>\n","protected":false},"author":7,"featured_media":4448,"comment_status":"closed","ping_status":"closed","sticky":false,"template":"","format":"standard","meta":{"footnotes":""},"categories":[16],"tags":[],"_links":{"self":[{"href":"https:\/\/parafianiwa.pl\/index.php\/wp-json\/wp\/v2\/posts\/5423"}],"collection":[{"href":"https:\/\/parafianiwa.pl\/index.php\/wp-json\/wp\/v2\/posts"}],"about":[{"href":"https:\/\/parafianiwa.pl\/index.php\/wp-json\/wp\/v2\/types\/post"}],"author":[{"embeddable":true,"href":"https:\/\/parafianiwa.pl\/index.php\/wp-json\/wp\/v2\/users\/7"}],"replies":[{"embeddable":true,"href":"https:\/\/parafianiwa.pl\/index.php\/wp-json\/wp\/v2\/comments?post=5423"}],"version-history":[{"count":1,"href":"https:\/\/parafianiwa.pl\/index.php\/wp-json\/wp\/v2\/posts\/5423\/revisions"}],"predecessor-version":[{"id":5424,"href":"https:\/\/parafianiwa.pl\/index.php\/wp-json\/wp\/v2\/posts\/5423\/revisions\/5424"}],"wp:featuredmedia":[{"embeddable":true,"href":"https:\/\/parafianiwa.pl\/index.php\/wp-json\/wp\/v2\/media\/4448"}],"wp:attachment":[{"href":"https:\/\/parafianiwa.pl\/index.php\/wp-json\/wp\/v2\/media?parent=5423"}],"wp:term":[{"taxonomy":"category","embeddable":true,"href":"https:\/\/parafianiwa.pl\/index.php\/wp-json\/wp\/v2\/categories?post=5423"},{"taxonomy":"post_tag","embeddable":true,"href":"https:\/\/parafianiwa.pl\/index.php\/wp-json\/wp\/v2\/tags?post=5423"}],"curies":[{"name":"wp","href":"https:\/\/api.w.org\/{rel}","templated":true}]}}